{"id":770,"date":"2018-07-06T14:01:46","date_gmt":"2018-07-06T12:01:46","guid":{"rendered":"http:\/\/sb-schwarzwald.badischer-schachverband.de\/?p=770"},"modified":"2018-07-06T14:01:46","modified_gmt":"2018-07-06T12:01:46","slug":"rochade-im-vorstand-bezirk-schwarzwald","status":"publish","type":"post","link":"http:\/\/sb-schwarzwald.badischer-schachverband.de\/?p=770","title":{"rendered":"Rochade im Vorstand Bezirk Schwarzwald"},"content":{"rendered":"<p><img decoding=\"async\" loading=\"lazy\" class=\"alignnone size-medium wp-image-771\" src=\"http:\/\/sb-schwarzwald.badischer-schachverband.de\/wp-content\/uploads\/2018\/07\/P1010117-2-300x225.jpg\" alt=\"\" width=\"300\" height=\"225\" srcset=\"http:\/\/sb-schwarzwald.badischer-schachverband.de\/wp-content\/uploads\/2018\/07\/P1010117-2-300x225.jpg 300w, http:\/\/sb-schwarzwald.badischer-schachverband.de\/wp-content\/uploads\/2018\/07\/P1010117-2-768x576.jpg 768w, http:\/\/sb-schwarzwald.badischer-schachverband.de\/wp-content\/uploads\/2018\/07\/P1010117-2-1024x768.jpg 1024w, http:\/\/sb-schwarzwald.badischer-schachverband.de\/wp-content\/uploads\/2018\/07\/P1010117-2-619x464.jpg 619w, http:\/\/sb-schwarzwald.badischer-schachverband.de\/wp-content\/uploads\/2018\/07\/P1010117-2.jpg 1709w\" sizes=\"(max-width: 300px) 100vw, 300px\" \/> <img decoding=\"async\" loading=\"lazy\" class=\"alignnone size-medium wp-image-772\" src=\"http:\/\/sb-schwarzwald.badischer-schachverband.de\/wp-content\/uploads\/2018\/07\/P1010119-2-300x225.jpg\" alt=\"\" width=\"300\" height=\"225\" srcset=\"http:\/\/sb-schwarzwald.badischer-schachverband.de\/wp-content\/uploads\/2018\/07\/P1010119-2-300x225.jpg 300w, http:\/\/sb-schwarzwald.badischer-schachverband.de\/wp-content\/uploads\/2018\/07\/P1010119-2.jpg 446w\" sizes=\"(max-width: 300px) 100vw, 300px\" \/><br \/>\nBild 1: &#8222;Noch-Bezirksleiter&#8220; Bernd Fugmann \u00fcberreicht aus Dank und zur Erinnerung ein Abschiedsgeschenk an Rudolf Thiemke<br \/>\nBild2: Der bisherige Bezirksleiter und neue Turnierleiter Bernd Fugmann gratuliert Uwe Majer zum Amt des neuen Bezirksleiters<\/p>\n<p>&nbsp;<\/p>\n<p>Bei der aktuellen Bezirksversammlung in der Friedensschule von VS-Schwenningen gab es am Freitag, 29. Juni 2018 den zu erwartenden Wechsel im Vorstand. Nach 25-j\u00e4hriger T\u00e4tigkeit nahm <strong>Rudolf Thiemke<\/strong> seinen im letzten Jahr angek\u00fcndigten Abschied vom Amt des Bezirksturnierleiters. In der langen Zeit hat &#8222;Rudi&#8220; viele Einzel- und Mannschaftsturniere auf Bezirksebene durchgef\u00fchrt und die Verbandsspiele der Bezirksklasse geleitet. Durch sein Ausscheiden wurde es notwendig, einen geeigneten Nachfolger f\u00fcr die anspruchsvolle T\u00e4tigkeit zu finden. Aus Mangel an alternativen Kandidaten \u00fcbernahm der bisherige <strong>Bezirksleiter Bernd Fugmann<\/strong> vom SC Villingen-Schwenningen zuk\u00fcnftig die anspruchsvolle Aufgabe des Bezirksturnierleiters. An seine Stelle als 1. Vorsitzender &#8222;rochiert&#8220; nach beiderseitigem \u00dcbereinkommen nun der bisherige 2. Vorsitzende <strong>Uwe Majer<\/strong> vom SC Br\u00e4unlingen. In den weiteren \u00c4mtern wurden der Kassenwart <strong>Wolfgang Vogel<\/strong>, der Schriftf\u00fchrer<strong> Julian Fey<\/strong> und der Jugendleiter <strong>Thomas Burggraf<\/strong> in Abwesenheit best\u00e4tigt. Die Stelle des 2. Vorsitzenden bleibt vorl\u00e4ufig vakant bis hierf\u00fcr ein Nachfolger gefunden ist. Durch eine gute Vorbereitung verlief die Versammlung insgesamt harmonisch und alle Wahlen wurden mit gro\u00dfer Mehrheit angenommen. Dar\u00fcber hinaus wurden bereits f\u00fcr die neue Spielsaison die Paarungen f\u00fcr den Bezirks-Mannschaftspokal ausgelost und die wesentlichen Termine f\u00fcr die Verbandsspiele, Mannschafts- und Einzelturniere bekanntgegeben.<\/p>\n","protected":false},"excerpt":{"rendered":"<p>Bild 1: &#8222;Noch-Bezirksleiter&#8220; Bernd Fugmann \u00fcberreicht aus Dank und zur Erinnerung ein Abschiedsgeschenk an Rudolf Thiemke Bild2: Der bisherige Bezirksleiter und neue Turnierleiter Bernd Fugmann gratuliert Uwe Majer zum Amt des neuen Bezirksleiters &nbsp; Bei der aktuellen Bezirksversammlung in der Friedensschule von VS-Schwenningen gab es am Freitag, 29. Juni 2018 den zu erwartenden Wechsel im [&hellip;]<\/p>\n","protected":false},"author":2,"featured_media":0,"comment_status":"open","ping_status":"open","sticky":false,"template":"","format":"standard","meta":[],"categories":[1],"tags":[],"_links":{"self":[{"href":"http:\/\/sb-schwarzwald.badischer-schachverband.de\/index.php?rest_route=\/wp\/v2\/posts\/770"}],"collection":[{"href":"http:\/\/sb-schwarzwald.badischer-schachverband.de\/index.php?rest_route=\/wp\/v2\/posts"}],"about":[{"href":"http:\/\/sb-schwarzwald.badischer-schachverband.de\/index.php?rest_route=\/wp\/v2\/types\/post"}],"author":[{"embeddable":true,"href":"http:\/\/sb-schwarzwald.badischer-schachverband.de\/index.php?rest_route=\/wp\/v2\/users\/2"}],"replies":[{"embeddable":true,"href":"http:\/\/sb-schwarzwald.badischer-schachverband.de\/index.php?rest_route=%2Fwp%2Fv2%2Fcomments&post=770"}],"version-history":[{"count":1,"href":"http:\/\/sb-schwarzwald.badischer-schachverband.de\/index.php?rest_route=\/wp\/v2\/posts\/770\/revisions"}],"predecessor-version":[{"id":773,"href":"http:\/\/sb-schwarzwald.badischer-schachverband.de\/index.php?rest_route=\/wp\/v2\/posts\/770\/revisions\/773"}],"wp:attachment":[{"href":"http:\/\/sb-schwarzwald.badischer-schachverband.de\/index.php?rest_route=%2Fwp%2Fv2%2Fmedia&parent=770"}],"wp:term":[{"taxonomy":"category","embeddable":true,"href":"http:\/\/sb-schwarzwald.badischer-schachverband.de\/index.php?rest_route=%2Fwp%2Fv2%2Fcategories&post=770"},{"taxonomy":"post_tag","embeddable":true,"href":"http:\/\/sb-schwarzwald.badischer-schachverband.de\/index.php?rest_route=%2Fwp%2Fv2%2Ftags&post=770"}],"curies":[{"name":"wp","href":"https:\/\/api.w.org\/{rel}","templated":true}]}}