{"id":690,"date":"2017-02-09T18:55:33","date_gmt":"2017-02-09T16:55:33","guid":{"rendered":"http:\/\/sb-schwarzwald.badischer-schachverband.de\/?p=690"},"modified":"2017-02-09T18:55:33","modified_gmt":"2017-02-09T16:55:33","slug":"bezirks-schachtag-am-19-03-2017-in-braeunlingen","status":"publish","type":"post","link":"http:\/\/sb-schwarzwald.badischer-schachverband.de\/?p=690","title":{"rendered":"Bezirks-Schachtag am 19.03.2017 in Br\u00e4unlingen"},"content":{"rendered":"<p>Der Bezirks-Vorstand und der Schachclub Br\u00e4unlingen laden alle Mitglieder vom Bezirk Schwarzwald zum traditionellen Wettkampf um die Pokal-Einzelmeisterschaft <strong>am Sonntag,<\/strong> <strong>19. M\u00e4rz 2017 ab 09.45 Uhr in die neue Stadthalle<\/strong> ein. Neben dem Pokalturnier wird auch das 50. j\u00e4hrige Jubil\u00e4um des Vereins gefeiert.<\/p>\n<p>&nbsp;<\/p>\n","protected":false},"excerpt":{"rendered":"<p>Der Bezirks-Vorstand und der Schachclub Br\u00e4unlingen laden alle Mitglieder vom Bezirk Schwarzwald zum traditionellen Wettkampf um die Pokal-Einzelmeisterschaft am Sonntag, 19. M\u00e4rz 2017 ab 09.45 Uhr in die neue Stadthalle ein. Neben dem Pokalturnier wird auch das 50. j\u00e4hrige Jubil\u00e4um des Vereins gefeiert. &nbsp;<\/p>\n","protected":false},"author":2,"featured_media":0,"comment_status":"open","ping_status":"open","sticky":false,"template":"","format":"standard","meta":[],"categories":[1],"tags":[],"_links":{"self":[{"href":"http:\/\/sb-schwarzwald.badischer-schachverband.de\/index.php?rest_route=\/wp\/v2\/posts\/690"}],"collection":[{"href":"http:\/\/sb-schwarzwald.badischer-schachverband.de\/index.php?rest_route=\/wp\/v2\/posts"}],"about":[{"href":"http:\/\/sb-schwarzwald.badischer-schachverband.de\/index.php?rest_route=\/wp\/v2\/types\/post"}],"author":[{"embeddable":true,"href":"http:\/\/sb-schwarzwald.badischer-schachverband.de\/index.php?rest_route=\/wp\/v2\/users\/2"}],"replies":[{"embeddable":true,"href":"http:\/\/sb-schwarzwald.badischer-schachverband.de\/index.php?rest_route=%2Fwp%2Fv2%2Fcomments&post=690"}],"version-history":[{"count":1,"href":"http:\/\/sb-schwarzwald.badischer-schachverband.de\/index.php?rest_route=\/wp\/v2\/posts\/690\/revisions"}],"predecessor-version":[{"id":691,"href":"http:\/\/sb-schwarzwald.badischer-schachverband.de\/index.php?rest_route=\/wp\/v2\/posts\/690\/revisions\/691"}],"wp:attachment":[{"href":"http:\/\/sb-schwarzwald.badischer-schachverband.de\/index.php?rest_route=%2Fwp%2Fv2%2Fmedia&parent=690"}],"wp:term":[{"taxonomy":"category","embeddable":true,"href":"http:\/\/sb-schwarzwald.badischer-schachverband.de\/index.php?rest_route=%2Fwp%2Fv2%2Fcategories&post=690"},{"taxonomy":"post_tag","embeddable":true,"href":"http:\/\/sb-schwarzwald.badischer-schachverband.de\/index.php?rest_route=%2Fwp%2Fv2%2Ftags&post=690"}],"curies":[{"name":"wp","href":"https:\/\/api.w.org\/{rel}","templated":true}]}}