{"id":521,"date":"2014-12-21T01:18:08","date_gmt":"2014-12-20T23:18:08","guid":{"rendered":"http:\/\/sb-schwarzwald.badischer-schachverband.de\/?p=521"},"modified":"2014-12-21T01:18:08","modified_gmt":"2014-12-20T23:18:08","slug":"bezirk-schwarzwald-geht-optimistisch-ins-jahr-2015","status":"publish","type":"post","link":"http:\/\/sb-schwarzwald.badischer-schachverband.de\/?p=521","title":{"rendered":"Bezirk Schwarzwald geht optimistisch ins Jahr 2015"},"content":{"rendered":"<p>Zur Halbzeit in der Spielsaison 2014\/15 kann der Bezirk Schwarzwald eine positive Bilanz ziehen. Alle geplanten Turniere wurden ordnungsgem\u00e4\u00df durchgef\u00fchrt und die Zahl der Mitglieder im BSV hat sich leicht auf 279 erh\u00f6ht. Insbesondere kann man auch auf eine verst\u00e4rkte Jugendarbeit zur\u00fcckblicken, welche sich in der umfangreichen Teilnahme an der Badischen Jugendmeisterschaft f\u00fcr Januar 2015 in Karlsruhe\/Ettlingen darstellt.<br \/>\nDie beiden Mannschaften in der stark besetzten Landesliga S\u00fcd Staffel 2, \u00a0Donaueschingen und Villingen, nehmen aktuell die gefestigten Pl\u00e4tze 4 und 5 ein. In der Bereichsliga S\u00fcd Staffel 4 liegt Schwenningen auf dem 6. Platz, w\u00e4hrend Br\u00e4unlingen und Villingen 2 mit dem 9. \u00a0und 10. Platz erh\u00f6hte Anstrengungen f\u00fcr den Klassenerhalt unternehmen m\u00fcssen. Einen spannenden Wettkampf um den Aufstieg wird es am Ende zwischen Furtwangen\/V\u00f6hr. und Bad D\u00fcrrheim in der Bezirksklasse geben. Bei der Bezirks-Blitz-MM konnte sich Villingen vor Donaueschingen qualifizieren. F\u00fcr das Halbfinale Anfang 2015 um die Bezirks-Pokal-MM haben sich Donaueschingen, Villingen und \u00fcberraschend die 1. und 2. Mannschaft von Br\u00e4unlingen durchgesetzt. An der Senioren-Bezirks-MM nehmen in dieser Saison sechs Mannschaften teil. Hier kommt es ein im Januar zur entscheidenden Begegnung zwischen Donaueschingen und dem favorisierten Titelverteidiger aus Villingen.<br \/>\n<span style=\"color: #ff0000;\"><strong>Die Bezirksleitung w\u00fcnscht allen Mitgliedern der einzelnen Vereine ein frohes Weihnachtsfest und einen guten Start ins Jahr 2015 !<\/strong><\/span><\/p>\n","protected":false},"excerpt":{"rendered":"<p>Zur Halbzeit in der Spielsaison 2014\/15 kann der Bezirk Schwarzwald eine positive Bilanz ziehen. Alle geplanten Turniere wurden ordnungsgem\u00e4\u00df durchgef\u00fchrt und die Zahl der Mitglieder im BSV hat sich leicht auf 279 erh\u00f6ht. Insbesondere kann man auch auf eine verst\u00e4rkte Jugendarbeit zur\u00fcckblicken, welche sich in der umfangreichen Teilnahme an der Badischen Jugendmeisterschaft f\u00fcr Januar 2015 [&hellip;]<\/p>\n","protected":false},"author":2,"featured_media":0,"comment_status":"open","ping_status":"open","sticky":false,"template":"","format":"standard","meta":[],"categories":[1],"tags":[],"_links":{"self":[{"href":"http:\/\/sb-schwarzwald.badischer-schachverband.de\/index.php?rest_route=\/wp\/v2\/posts\/521"}],"collection":[{"href":"http:\/\/sb-schwarzwald.badischer-schachverband.de\/index.php?rest_route=\/wp\/v2\/posts"}],"about":[{"href":"http:\/\/sb-schwarzwald.badischer-schachverband.de\/index.php?rest_route=\/wp\/v2\/types\/post"}],"author":[{"embeddable":true,"href":"http:\/\/sb-schwarzwald.badischer-schachverband.de\/index.php?rest_route=\/wp\/v2\/users\/2"}],"replies":[{"embeddable":true,"href":"http:\/\/sb-schwarzwald.badischer-schachverband.de\/index.php?rest_route=%2Fwp%2Fv2%2Fcomments&post=521"}],"version-history":[{"count":1,"href":"http:\/\/sb-schwarzwald.badischer-schachverband.de\/index.php?rest_route=\/wp\/v2\/posts\/521\/revisions"}],"predecessor-version":[{"id":522,"href":"http:\/\/sb-schwarzwald.badischer-schachverband.de\/index.php?rest_route=\/wp\/v2\/posts\/521\/revisions\/522"}],"wp:attachment":[{"href":"http:\/\/sb-schwarzwald.badischer-schachverband.de\/index.php?rest_route=%2Fwp%2Fv2%2Fmedia&parent=521"}],"wp:term":[{"taxonomy":"category","embeddable":true,"href":"http:\/\/sb-schwarzwald.badischer-schachverband.de\/index.php?rest_route=%2Fwp%2Fv2%2Fcategories&post=521"},{"taxonomy":"post_tag","embeddable":true,"href":"http:\/\/sb-schwarzwald.badischer-schachverband.de\/index.php?rest_route=%2Fwp%2Fv2%2Ftags&post=521"}],"curies":[{"name":"wp","href":"https:\/\/api.w.org\/{rel}","templated":true}]}}